{"id":113,"date":"2015-05-19T18:12:59","date_gmt":"2015-05-19T17:12:59","guid":{"rendered":"http:\/\/losbaldios.com\/?p=113"},"modified":"2015-05-19T18:12:59","modified_gmt":"2015-05-19T17:12:59","slug":"junta-general-ordinaria-junio-2-015","status":"publish","type":"post","link":"http:\/\/losbaldios.com\/?p=113","title":{"rendered":"Junta General Ordinaria. Junio 2.015"},"content":{"rendered":"<p>S.A. DE LOS ANTIGUOS BALDIOS DE VILLAMIEL, S.A.<\/p>\n<h1>JUNTA GENERAL ORDINARIA<\/h1>\n<p>&nbsp;<\/p>\n<p>El Consejo de Administraci\u00f3n de la S.A. de los Antiguos Bald\u00edos de Villamiel, S.A., CIF A-10000099\u00a0 convoca a los Sres. accionistas\u00a0 a <strong>Junta General Ordinaria<\/strong>\u00a0 que se celebrar\u00e1 en el domicilio social, a las <strong>once horas y treinta minutos del s\u00e1bado d\u00eda 27 de Junio de 2.015<\/strong>, en primera convocatoria, o veinticuatro horas m\u00e1s tarde, en segunda convocatoria, con arreglo al siguiente:<\/p>\n<p>&nbsp;<\/p>\n<h1>ORDEN DEL D\u00cdA<\/h1>\n<p>&nbsp;<\/p>\n<p>Primero.- Censura de la gesti\u00f3n social, aprobaci\u00f3n, en su caso, de las cuentas anuales e informe de gesti\u00f3n correspondiente al ejercicio cerrado a 31 de Diciembre de 2.014.<\/p>\n<p>Segundo.- Aplicaci\u00f3n del resultado.<\/p>\n<p>Tercero.- Modificaci\u00f3n del art\u00edculo 5 de los Estatutos Sociales, referido al domicilio social. Se fija nuevo domicilio social de la Sociedad, en sustituci\u00f3n del anterior,\u00a0 que se establece en la misma localidad de Villamiel\u00a0 (C\u00e1ceres), <strong>C\/ Soledad, n\u00ba 26-D.<\/strong><\/p>\n<p>Cuarto.- Informe del Sr. Presidente sobre asuntos propios de la Sociedad.<\/p>\n<p>Quinto.- Ruegos y preguntas.<\/p>\n<p>Sexto.- Lectura y, en su caso, aprobaci\u00f3n del acta de la Junta.<\/p>\n<p>S\u00e9ptimo.- Delegaci\u00f3n en el Sr. Presidente y en el Sr. Secretario de la Sociedad, indistintamente, de cuantas facultades precisen y tan ampliamente en derecho sea menester, para que puedan interpretar, subsanar, formalizar e inscribir los acuerdos adoptados por la Junta General y su elevaci\u00f3n a escritura p\u00fablica.<\/p>\n<p>El anuncio de la convocatoria se realiza, conforme a lo dispuesto en el art. 173 y concordantes de la Ley de Sociedades de Capital, mediante anuncio publicado en la p\u00e1gina web corporativa de la sociedad: <strong><a href=\"http:\/\/www.losbaldios.com\">www.losbaldios.com<\/a><\/strong><\/p>\n<p>&nbsp;<\/p>\n<p>De acuerdo con lo dispuesto en los arts. 287 y concordantes de la Ley 1\/2010, de 2 de julio, de Sociedades de Capital, se hace constar expresamente el derecho que corresponde a todos los socios de examinar en el domicilio social el texto \u00edntegro de la modificaci\u00f3n y del informe sobre la misma, as\u00ed como pedir la entrega o el env\u00edo gratuito de dichos documentos.<\/p>\n<p>En Villamiel, a 19 \u00a0de Mayo\u00a0 de 2.015.<\/p>\n<p>El Secretario del Consejo de Administraci\u00f3n,\u00a0\u00a0 Ladislao Mart\u00edn Acosta.<\/p>\n","protected":false},"excerpt":{"rendered":"<p>S.A. DE LOS ANTIGUOS BALDIOS DE VILLAMIEL, S.A. JUNTA GENERAL ORDINARIA &nbsp; El Consejo de Administraci\u00f3n de la S.A. de los Antiguos Bald\u00edos de Villamiel, S.A., CIF A-10000099\u00a0 convoca a&#8230;<\/p>\n<div class=\"more-link-wrapper\"><a class=\"more-link\" href=\"http:\/\/losbaldios.com\/?p=113\">Leer m\u00e1s<span class=\"screen-reader-text\">Junta General Ordinaria. Junio 2.015<\/span><\/a><\/div>\n","protected":false},"author":1,"featured_media":0,"comment_status":"closed","ping_status":"closed","sticky":false,"template":"","format":"standard","meta":{"ngg_post_thumbnail":0,"footnotes":""},"categories":[2],"tags":[7,9,6,8],"class_list":["post-113","post","type-post","status-publish","format-standard","hentry","category-convocatorias","tag-baldios","tag-junta-general","tag-losbaldios","tag-villamiel","excerpt"],"_links":{"self":[{"href":"http:\/\/losbaldios.com\/index.php?rest_route=\/wp\/v2\/posts\/113","targetHints":{"allow":["GET"]}}],"collection":[{"href":"http:\/\/losbaldios.com\/index.php?rest_route=\/wp\/v2\/posts"}],"about":[{"href":"http:\/\/losbaldios.com\/index.php?rest_route=\/wp\/v2\/types\/post"}],"author":[{"embeddable":true,"href":"http:\/\/losbaldios.com\/index.php?rest_route=\/wp\/v2\/users\/1"}],"replies":[{"embeddable":true,"href":"http:\/\/losbaldios.com\/index.php?rest_route=%2Fwp%2Fv2%2Fcomments&post=113"}],"version-history":[{"count":1,"href":"http:\/\/losbaldios.com\/index.php?rest_route=\/wp\/v2\/posts\/113\/revisions"}],"predecessor-version":[{"id":114,"href":"http:\/\/losbaldios.com\/index.php?rest_route=\/wp\/v2\/posts\/113\/revisions\/114"}],"wp:attachment":[{"href":"http:\/\/losbaldios.com\/index.php?rest_route=%2Fwp%2Fv2%2Fmedia&parent=113"}],"wp:term":[{"taxonomy":"category","embeddable":true,"href":"http:\/\/losbaldios.com\/index.php?rest_route=%2Fwp%2Fv2%2Fcategories&post=113"},{"taxonomy":"post_tag","embeddable":true,"href":"http:\/\/losbaldios.com\/index.php?rest_route=%2Fwp%2Fv2%2Ftags&post=113"}],"curies":[{"name":"wp","href":"https:\/\/api.w.org\/{rel}","templated":true}]}}