{"id":120,"date":"2017-04-07T11:54:36","date_gmt":"2017-04-07T10:54:36","guid":{"rendered":"http:\/\/losbaldios.com\/?p=120"},"modified":"2017-04-07T12:01:12","modified_gmt":"2017-04-07T11:01:12","slug":"junta-general-ordinaria-27-de-mayo-de-2-017","status":"publish","type":"post","link":"http:\/\/losbaldios.com\/?p=120","title":{"rendered":"JUNTA GENERAL ORDINARIA 27 de Mayo de 2.017"},"content":{"rendered":"<p> text-align:justify;<strong><u>S.A. DE LOS ANTIGUOS BALDIOS DE VILLAMIEL, S.A.<\/u><\/strong><\/p>\n<h1><strong>JUNTA GENERAL ORDINARIA<\/strong><\/h1>\n<p>&nbsp;<\/p>\n<p style=\"text-align: justify;\">&nbsp;&nbsp;&nbsp;&nbsp;&nbsp;&nbsp;&nbsp;&nbsp; El Consejo de Administraci\u00f3n de la S.A. de los Antiguos Bald\u00edos de Villamiel, S.A., CIF A-10000099&nbsp; convoca a los Sres. accionistas&nbsp; a <strong>Junta General Ordinaria<\/strong>&nbsp; que se celebrar\u00e1 en el domicilio social, a las <strong>once horas &nbsp;del s\u00e1bado d\u00eda 27 de Mayo de 2.017<\/strong>, en primera convocatoria, o veinticuatro horas m\u00e1s tarde, en segunda convocatoria, con arreglo al siguiente:<\/p>\n<p>&nbsp;<\/p>\n<p>ORDEN DEL D\u00cdA<\/p>\n<p style=\"text-align: justify;\">&nbsp;&nbsp;&nbsp;&nbsp;&nbsp;&nbsp;&nbsp;&nbsp; <u>Primero<\/u>.- Censura de la gesti\u00f3n social, aprobaci\u00f3n, en su caso, de las cuentas anuales e informe de gesti\u00f3n correspondiente al ejercicio cerrado a 31 de Diciembre de 2.016.<\/p>\n<p>&nbsp;&nbsp;&nbsp;&nbsp;&nbsp;&nbsp;&nbsp;&nbsp; <u>Segundo<\/u>.- Aplicaci\u00f3n del resultado.<\/p>\n<p>&nbsp;&nbsp;&nbsp;&nbsp;&nbsp;&nbsp;&nbsp;&nbsp; <u>Tercero.<\/u>&#8211; Informe del Sr. Presidente.<\/p>\n<p>&nbsp;&nbsp;&nbsp;&nbsp;&nbsp;&nbsp;&nbsp;&nbsp; <u>Cuarto<\/u>.- Ruegos y preguntas.<\/p>\n<p style=\"text-align: justify;\">&nbsp;&nbsp;&nbsp;&nbsp;&nbsp;&nbsp;&nbsp;&nbsp; <u>Quinto<\/u>.- Lectura y, en su caso, aprobaci\u00f3n del acta de la Junta.<\/p>\n<p style=\"text-align: justify;\">&nbsp;&nbsp;&nbsp;&nbsp;&nbsp;&nbsp;&nbsp;&nbsp; <u>Sexto.<\/u>&#8211; Delegaci\u00f3n en el Sr. Presidente y en el Sr. Secretario de la Sociedad, indistintamente, de cuantas facultades precisen y tan ampliamente en derecho sea menester, para que puedan interpretar, subsanar, formalizar e inscribir los acuerdos adoptados por la Junta General y su elevaci\u00f3n a escritura p\u00fablica.<\/p>\n<p style=\"text-align: justify;\">&nbsp;&nbsp;&nbsp;&nbsp;&nbsp;&nbsp;&nbsp;&nbsp; El anuncio de la convocatoria se realiza, conforme a lo dispuesto en el art. 173 y concordantes de la Ley de Sociedades de Capital, mediante anuncio publicado en la p\u00e1gina web corporativa de la sociedad: <strong><a href=\"http:\/\/www.losbaldios.com\">www.losbaldios.com<\/a><\/strong><\/p>\n<p>&nbsp;<\/p>\n<p style=\"text-align: justify;\">&nbsp;&nbsp;&nbsp;&nbsp;&nbsp;&nbsp;&nbsp;&nbsp; De acuerdo con lo dispuesto en los arts. 287 y concordantes de la Ley 1\/2010, de 2 de julio, de Sociedades de Capital, se hace constar expresamente el derecho que corresponde a todos los socios &nbsp;y accionistas de examinar en el domicilio social el texto \u00edntegro de la modificaci\u00f3n y del informe sobre la misma, as\u00ed como pedir la entrega o el env\u00edo gratuito de dichos documentos.<\/p>\n<p style=\"text-align: justify;\">&nbsp;&nbsp;&nbsp;&nbsp;&nbsp;&nbsp;&nbsp;&nbsp; As\u00ed mismo, conforme al art\u00edculo 272 de la Ley de Sociedades&nbsp; de Capital, a partir de la convocatoria de la Junta General, cualquier socio podr\u00e1 obtener de la sociedad, de forma inmediata y gratuita, los documentos que han de ser sometidos a la aprobaci\u00f3n de la misma, as\u00ed como en su caso, el informe de gesti\u00f3n y el informe del auditor de cuentas.<\/p>\n<p style=\"text-align: justify;\">&nbsp;&nbsp;&nbsp;&nbsp;&nbsp;&nbsp;&nbsp;&nbsp; En Villamiel, a 07 de Abril de 2.107.<\/p>\n<p>&nbsp;<\/p>\n<p style=\"text-align: justify;\">&nbsp;&nbsp;&nbsp;&nbsp;&nbsp;&nbsp;&nbsp;&nbsp; El Secretario del Consejo de Administraci\u00f3n,&nbsp;&nbsp; Ladislao Mart\u00edn Acosta.<\/p>\n","protected":false},"excerpt":{"rendered":"<p>text-align:justify;S.A. DE LOS ANTIGUOS BALDIOS DE VILLAMIEL, S.A. JUNTA GENERAL ORDINARIA &nbsp; &nbsp;&nbsp;&nbsp;&nbsp;&nbsp;&nbsp;&nbsp;&nbsp; El Consejo de Administraci\u00f3n de la S.A. de los Antiguos Bald\u00edos de Villamiel, S.A., CIF A-10000099&nbsp; convoca&#8230;<\/p>\n<div class=\"more-link-wrapper\"><a class=\"more-link\" href=\"http:\/\/losbaldios.com\/?p=120\">Leer m\u00e1s<span class=\"screen-reader-text\">JUNTA GENERAL ORDINARIA 27 de Mayo de 2.017<\/span><\/a><\/div>\n","protected":false},"author":1,"featured_media":0,"comment_status":"closed","ping_status":"closed","sticky":false,"template":"","format":"standard","meta":{"ngg_post_thumbnail":0,"footnotes":""},"categories":[2],"tags":[],"class_list":["post-120","post","type-post","status-publish","format-standard","hentry","category-convocatorias","excerpt"],"_links":{"self":[{"href":"http:\/\/losbaldios.com\/index.php?rest_route=\/wp\/v2\/posts\/120","targetHints":{"allow":["GET"]}}],"collection":[{"href":"http:\/\/losbaldios.com\/index.php?rest_route=\/wp\/v2\/posts"}],"about":[{"href":"http:\/\/losbaldios.com\/index.php?rest_route=\/wp\/v2\/types\/post"}],"author":[{"embeddable":true,"href":"http:\/\/losbaldios.com\/index.php?rest_route=\/wp\/v2\/users\/1"}],"replies":[{"embeddable":true,"href":"http:\/\/losbaldios.com\/index.php?rest_route=%2Fwp%2Fv2%2Fcomments&post=120"}],"version-history":[{"count":3,"href":"http:\/\/losbaldios.com\/index.php?rest_route=\/wp\/v2\/posts\/120\/revisions"}],"predecessor-version":[{"id":123,"href":"http:\/\/losbaldios.com\/index.php?rest_route=\/wp\/v2\/posts\/120\/revisions\/123"}],"wp:attachment":[{"href":"http:\/\/losbaldios.com\/index.php?rest_route=%2Fwp%2Fv2%2Fmedia&parent=120"}],"wp:term":[{"taxonomy":"category","embeddable":true,"href":"http:\/\/losbaldios.com\/index.php?rest_route=%2Fwp%2Fv2%2Fcategories&post=120"},{"taxonomy":"post_tag","embeddable":true,"href":"http:\/\/losbaldios.com\/index.php?rest_route=%2Fwp%2Fv2%2Ftags&post=120"}],"curies":[{"name":"wp","href":"https:\/\/api.w.org\/{rel}","templated":true}]}}