{"id":148,"date":"2019-08-21T14:01:30","date_gmt":"2019-08-21T13:01:30","guid":{"rendered":"http:\/\/losbaldios.com\/?p=148"},"modified":"2019-08-21T16:06:07","modified_gmt":"2019-08-21T15:06:07","slug":"148","status":"publish","type":"post","link":"http:\/\/losbaldios.com\/?p=148","title":{"rendered":"Trabajos Forestales (Contiene V\u00eddeo)"},"content":{"rendered":"<p>Se informa de los trabajos forestales de entresaca reglada que se est\u00e1 realizando en las fincas de Baldios. Referidas actuaciones est\u00e1n supervisadas por ingenieros forestales y se adecuan totalmente a los permisos administrativos. Es evidente la mejora realizada para la conservaci\u00f3n de las especies arb\u00f3reas, protecci\u00f3n del suelo y prevenci\u00f3n de incendios. El Consejo de Administraci\u00f3n.<\/p>\n<p>https:\/\/vimeo.com\/326931323<br \/>\nHace cerca de dos a\u00f1os, le lleg\u00f3 al proyecto Mosaico una propuesta de la Sociedad de Bald\u00edos de Villamiel. Solicitando un estudio que permitiese transformar 50 hect\u00e1reas en estado de abandono en un monte productivo y mejor defendido para los incendios. De este encuentro damos testimonio en el v\u00eddeo: <a href=\"https:\/\/vimeo.com\/223572793\">Proyecto Forestal Bald\u00edos.<\/a><br \/>\nAhora, ya se han iniciado las obras proyectadas, y con este otro v\u00eddeo, damos testimonio de las mismas.<\/p>\n","protected":false},"excerpt":{"rendered":"<p>Se informa de los trabajos forestales de entresaca reglada que se est\u00e1 realizando en las fincas de Baldios. Referidas actuaciones est\u00e1n supervisadas por ingenieros forestales y se adecuan totalmente a&#8230;<\/p>\n<div class=\"more-link-wrapper\"><a class=\"more-link\" href=\"http:\/\/losbaldios.com\/?p=148\">Leer m\u00e1s<span class=\"screen-reader-text\">Trabajos Forestales (Contiene V\u00eddeo)<\/span><\/a><\/div>\n","protected":false},"author":1,"featured_media":0,"comment_status":"closed","ping_status":"closed","sticky":false,"template":"","format":"standard","meta":{"ngg_post_thumbnail":0,"footnotes":""},"categories":[5],"tags":[],"class_list":["post-148","post","type-post","status-publish","format-standard","hentry","category-eventos","excerpt"],"_links":{"self":[{"href":"http:\/\/losbaldios.com\/index.php?rest_route=\/wp\/v2\/posts\/148","targetHints":{"allow":["GET"]}}],"collection":[{"href":"http:\/\/losbaldios.com\/index.php?rest_route=\/wp\/v2\/posts"}],"about":[{"href":"http:\/\/losbaldios.com\/index.php?rest_route=\/wp\/v2\/types\/post"}],"author":[{"embeddable":true,"href":"http:\/\/losbaldios.com\/index.php?rest_route=\/wp\/v2\/users\/1"}],"replies":[{"embeddable":true,"href":"http:\/\/losbaldios.com\/index.php?rest_route=%2Fwp%2Fv2%2Fcomments&post=148"}],"version-history":[{"count":12,"href":"http:\/\/losbaldios.com\/index.php?rest_route=\/wp\/v2\/posts\/148\/revisions"}],"predecessor-version":[{"id":160,"href":"http:\/\/losbaldios.com\/index.php?rest_route=\/wp\/v2\/posts\/148\/revisions\/160"}],"wp:attachment":[{"href":"http:\/\/losbaldios.com\/index.php?rest_route=%2Fwp%2Fv2%2Fmedia&parent=148"}],"wp:term":[{"taxonomy":"category","embeddable":true,"href":"http:\/\/losbaldios.com\/index.php?rest_route=%2Fwp%2Fv2%2Fcategories&post=148"},{"taxonomy":"post_tag","embeddable":true,"href":"http:\/\/losbaldios.com\/index.php?rest_route=%2Fwp%2Fv2%2Ftags&post=148"}],"curies":[{"name":"wp","href":"https:\/\/api.w.org\/{rel}","templated":true}]}}